[{"@context":"https:\/\/schema.org\/","@type":"Article","@id":"https:\/\/www.digidoo.cz\/kombinace-obleceni\/#Article","mainEntityOfPage":"https:\/\/www.digidoo.cz\/kombinace-obleceni\/","headline":"Kombinace oble\u010den\u00ed","name":"Kombinace oble\u010den\u00ed","description":"Chcete vypadat dob\u0159e? N\u011bkdy je ta m\u00f3da docela v\u011bda. A sladit se tak, aby prost\u011b jednotliv\u00e9 oble\u010den\u00ed ladilo a slu\u0161elo","datePublished":"2024-01-06","dateModified":"2024-03-06","author":{"@type":"Person","@id":"https:\/\/www.digidoo.cz\/author\/#Person","name":"","url":"https:\/\/www.digidoo.cz\/author\/","identifier":1,"image":{"@type":"ImageObject","@id":"https:\/\/secure.gravatar.com\/avatar\/9478c3014fb8763e2a18691ad6bf83eff86429738afad80df8227ac472865e36?s=96&d=mm&r=g","url":"https:\/\/secure.gravatar.com\/avatar\/9478c3014fb8763e2a18691ad6bf83eff86429738afad80df8227ac472865e36?s=96&d=mm&r=g","height":96,"width":96}},"publisher":{"@type":"Organization","name":"digidoo.cz","logo":{"@type":"ImageObject","@id":"\/logo.png","url":"\/logo.png","width":600,"height":60}},"image":{"@type":"ImageObject","@id":"https:\/\/www.digidoo.cz\/wp-content\/uploads\/pexels-ylanite-koppens-934070_2.jpg","url":"https:\/\/www.digidoo.cz\/wp-content\/uploads\/pexels-ylanite-koppens-934070_2.jpg","height":0,"width":0},"url":"https:\/\/www.digidoo.cz\/kombinace-obleceni\/","about":["N\u00e1kupy"],"wordCount":440,"articleBody":"   Chcete vypadat dob\u0159e? N\u011bkdy je ta m\u00f3da docela v\u011bda. A sladit se tak, aby prost\u011b jednotliv\u00e9 oble\u010den\u00ed ladilo a slu\u0161elo \u017een\u011b, n\u011bkdy nen\u00ed v\u016fbec jednoduch\u00e9, a to obzvl\u00e1\u0161\u0165 v p\u0159\u00edpad\u011b, \u017ee m\u00f3d\u011b v\u016fbec nerozum\u00edte a je to pro v\u00e1s n\u011bco jako \u0160pan\u011blsk\u00e1 vesnice. My se te\u010f ale pod\u00edv\u00e1me na to, jak m\u016f\u017eete dodat \u0161mrnc sv\u00e9mu stylu a vybrat si hezk\u00e9 oble\u010den\u00ed. Mo\u017en\u00e1 se v\u00e1m moje rady budou zd\u00e1t jako kli\u0161\u00e9, ale jsou pravdiv\u00e9. Tak jdeme na to. Ur\u010dit\u011b zn\u00e1te takov\u00fd ten tip, \u017ee kdy\u017e si kombinujete outfit, m\u011bli byste vyb\u00edrat sp\u00ed\u0161e z jednobarevn\u00fdch kousk\u016f. Je to proto, \u017ee se l\u00e9pe kombinuj\u00ed a l\u00e9pe se to vym\u00fd\u0161l\u00ed. A je\u0161t\u011b jedna v\u011bc: zkuste zabrousit sp\u00ed\u0161e do barev jako je \u010dern\u00e1 a b\u00edl\u00e1 \u2013 ta se hod\u00ed ke v\u0161emu.Tak\u017ee si vezm\u011bte t\u0159eba b\u00edl\u00e9 silvini kalhoty a k tomu modr\u00e9 tri\u010dko, tenhle outfit v\u00e1s kr\u00e1sn\u011b rozjasn\u00ed a vy budete za hv\u011bzdu, to v\u00edm na sto procent. Pokud nerozum\u00edte m\u00f3d\u011b, ur\u010dit\u011b m\u00e1te v okol\u00ed n\u011bkoho, kdo ji rozum\u00ed. M\u016f\u017ee to b\u00fdt kdokoliv: sestra, maminka, babi\u010dka, ale nebo taky nejlep\u0161\u00ed kamar\u00e1dka. A pokud nikoho takov\u00e9ho nem\u00e1te, tak v\u00e1m nezb\u00fdv\u00e1 nic jin\u00e9ho ne\u017e se obr\u00e1tit na n\u011bjak\u00e9ho placen\u00e9ho specialistu, kter\u00fd m\u00f3d\u011b rozum\u00ed a v\u0161echno by v\u00e1m vysv\u011btlil. Anebo m\u016f\u017eete vyhledat n\u011bjak\u00e9 rady a videa na internetu.Nemus\u00edte se b\u00e1t, proto\u017ee \u010dasem se taky nau\u010d\u00edte kombinovat kousky ve va\u0161em \u0161atn\u00edku. D\u016fle\u017eit\u00e9 je si n\u011bco o tom na\u010d\u00edst a cht\u00edt se o tom dozv\u011bd\u011bt v\u00edce. \u017d\u00e1dn\u00fd u\u010den\u00fd z nebe nespadl. Ani j\u00e1 jsem m\u00f3d\u011b p\u0159\u00edli\u0161 nerozum\u011bla. Ale m\u011bla jsem docela velk\u00e9 \u0161t\u011bst\u00ed v tom, \u017ee moje mlad\u0161\u00ed sestra se vyzn\u00e1 jak v l\u00ed\u010den\u00ed, tak i v outfitech, tak\u017ee mi poradila, abych nechodila jak hastro\u0161 a aby mi to slu\u0161elo. A stal se ze mn\u011b \u00fapln\u011b nov\u00fd \u010dlov\u011bk a nos\u00edm \u00fapln\u011b jin\u00e9 oble\u010den\u00ed, ne\u017e p\u0159ed dv\u011bma roky. Ale to bude asi t\u00edm, \u017ee se o to zaj\u00edm\u00e1m a \u017ee jsem se prost\u011b o m\u00f3d\u011b cht\u011bla n\u011bco v\u00edce nau\u010dit a zjistit&#8230; M\u00e1te to tak\u00e9 tak? Tak se snad n\u011bco dozv\u00edme.                                                                                                                                                                                                                                                                                                                                                                                          3.8\/5 - (5 votes)        "},{"@context":"https:\/\/schema.org\/","@type":"BreadcrumbList","itemListElement":[{"@type":"ListItem","position":1,"name":"Kombinace oble\u010den\u00ed","item":"https:\/\/www.digidoo.cz\/kombinace-obleceni\/#breadcrumbitem"}]}]