[{"@context":"https:\/\/schema.org\/","@type":"Article","@id":"https:\/\/www.digidoo.cz\/nechte-to-radeji-na-profesionalni-uklidove-firme\/#Article","mainEntityOfPage":"https:\/\/www.digidoo.cz\/nechte-to-radeji-na-profesionalni-uklidove-firme\/","headline":"Nechte to rad\u011bji na profesion\u00e1ln\u00ed \u00faklidov\u00e9 firm\u011b","name":"Nechte to rad\u011bji na profesion\u00e1ln\u00ed \u00faklidov\u00e9 firm\u011b","description":"Kdy\u017e p\u0159ijde \u0159e\u010d na \u00faklid kancel\u00e1\u0159\u00ed nebo rodinn\u00fdch dom\u016f \u010di byt\u016f, a chyst\u00e1te se jej sv\u011b\u0159it profesion\u00e1ln\u00edm \u00faklidov\u00fdm firm\u00e1m v","datePublished":"2023-09-20","dateModified":"2023-09-20","author":{"@type":"Person","@id":"https:\/\/www.digidoo.cz\/author\/#Person","name":"","url":"https:\/\/www.digidoo.cz\/author\/","identifier":1,"image":{"@type":"ImageObject","@id":"https:\/\/secure.gravatar.com\/avatar\/9478c3014fb8763e2a18691ad6bf83eff86429738afad80df8227ac472865e36?s=96&d=mm&r=g","url":"https:\/\/secure.gravatar.com\/avatar\/9478c3014fb8763e2a18691ad6bf83eff86429738afad80df8227ac472865e36?s=96&d=mm&r=g","height":96,"width":96}},"publisher":{"@type":"Organization","name":"digidoo.cz","logo":{"@type":"ImageObject","@id":"\/logo.png","url":"\/logo.png","width":600,"height":60}},"image":{"@type":"ImageObject","@id":"https:\/\/www.digidoo.cz\/wp-content\/uploads\/vacuum-cleaner-657719_640_8.jpg","url":"https:\/\/www.digidoo.cz\/wp-content\/uploads\/vacuum-cleaner-657719_640_8.jpg","height":0,"width":0},"url":"https:\/\/www.digidoo.cz\/nechte-to-radeji-na-profesionalni-uklidove-firme\/","about":["Spole\u010dnosti"],"wordCount":418,"articleBody":"   Kdy\u017e p\u0159ijde \u0159e\u010d na \u00faklid kancel\u00e1\u0159\u00ed nebo rodinn\u00fdch dom\u016f \u010di byt\u016f, a chyst\u00e1te se jej sv\u011b\u0159it profesion\u00e1ln\u00edm \u00faklidov\u00fdm firm\u00e1m v Ostrav\u011b, m\u011bli byste m\u00edt jasno v tom, co lze popt\u00e1vat, a jak\u00fdch z\u00e1le\u017eitost\u00ed se tato slu\u017eba t\u00fdk\u00e1. \u00daklid po \u0159emesln\u00edc\u00edch \u2013 prov\u00e1d\u00edte v dom\u011b \u010d\u00e1ste\u010dnou \u010di komplexn\u00ed rekonstrukci? Pak se p\u0159ipravte na to, \u017ee po \u0159emesln\u00edc\u00edch z\u016fstane jemn\u00fd prach a mo\u017en\u00e1 i dal\u0161\u00ed ne\u010distoty, a \u017ee bude \u00faklid bytov\u00fdch prostor velmi n\u00e1ro\u010dn\u00fd. Pro tento \u00fa\u010del se \u00faklidov\u00e1 firma skv\u011ble hod\u00ed.Myt\u00ed oken \u2013 um\u00fdv\u00e1n\u00ed oken se zd\u00e1 jednoduch\u00e9 a primitivn\u00ed, a mohli byste jej tedy teoreticky sv\u011b\u0159it ka\u017ed\u00e9mu. Jen\u017ee jsou tu n\u011bkter\u00e9 zr\u00e1dn\u00e9 jevy, co mohou vy\u00fastit i v nebezpe\u010dn\u00e9 situace. Jde hlavn\u011b o myt\u00ed oken ve vy\u0161\u0161\u00edch patrech, odkud p\u0159\u00edpadn\u00fd p\u00e1d z takov\u00e9 v\u00fd\u0161ky nikdo nep\u0159e\u017eije. Profesion\u00e1lov\u00e9 se v\u016f\u010di t\u011bmto nebezpe\u010d\u00edm dovedou postavit a vyzbrojit se pot\u0159ebnou technikou a dovednostmi.\u010ci\u0161t\u011bn\u00ed koberc\u016f \u2013 vy\u010distit koberec strojem mokr\u00fdm zp\u016fsobem je dnes ji\u017e standard. \u010ci\u0161t\u011bn\u00ed zbav\u00ed zbytk\u016f skvrn, za\u0161lapan\u00fdch prachov\u00fdch cesti\u010dek a tak\u00e9 nep\u0159\u00edjemn\u00e9ho z\u00e1pachu, kter\u00fd se na koberci usazuje vlivem p\u0159\u00edpravy pokrm\u016f (rozpt\u00fdlen\u00fdm \u017elukl\u00fdm tukem) a z\u00e1rove\u0148 bosonohou ch\u016fz\u00ed \u010di ch\u016fz\u00ed v pono\u017ek\u00e1ch, \u010d\u00edm\u017e se pot mezi kobercov\u00e1 vl\u00e1kna snadno vt\u00edr\u00e1.Komplexn\u00ed \u00faklid dom\u00e1cnosti \u2013 je toho na v\u00e1s moc a pot\u0159ebujete doslova vygruntovat d\u016fm, proto\u017ee chyst\u00e1te svatbu, oslavu kulat\u00fdch narozenin, promoci atp., a zvete na ni mnoho va\u0161ich p\u0159\u00e1tel? Pak je v\u00e1m \u00faklidov\u00e1 firma pln\u011b k dispozici. Postar\u00e1 se o v\u0161e, co si zad\u00e1te, po\u010d\u00ednaje myt\u00edm sv\u00edtidel, oken a parapet\u016f a kon\u010de le\u0161t\u011bn\u00edm n\u00e1bytku a d\u016fkladn\u00fdm \u00faklidem podlahov\u00fdch ploch.Kancel\u00e1\u0159e \u2013 majitel\u00e9 firem si nech\u00e1vaj\u00ed zajistit profesion\u00e1ln\u00ed \u00faklid v pln\u00e9m rozsahu dle dohody, jej\u00ed\u017e sou\u010d\u00e1st\u00ed je i domluva vhodn\u00e9 pracovn\u00ed doby \u00faklidov\u00e9 firmy. Zde je v\u00fdhodn\u00e9 vyu\u017e\u00edt zejm\u00e9na pr\u00e1zdn\u00e9ho \u201eok\u00e9nka\u201c, kdy zam\u011bstnanci v kancel\u00e1\u0159\u00edch je\u0161t\u011b nebo u\u017e nepracuj\u00ed, co\u017e je nap\u0159\u00edklad velmi brzy r\u00e1no do sedmi hodin anebo nave\u010der po osmn\u00e1ct\u00e9 hodin\u011b.                                                                                                                                                                                                                                                                                                                                                                                          4.7\/5 - (9 votes)        "},{"@context":"https:\/\/schema.org\/","@type":"BreadcrumbList","itemListElement":[{"@type":"ListItem","position":1,"name":"Nechte to rad\u011bji na profesion\u00e1ln\u00ed \u00faklidov\u00e9 firm\u011b","item":"https:\/\/www.digidoo.cz\/nechte-to-radeji-na-profesionalni-uklidove-firme\/#breadcrumbitem"}]}]