[{"@context":"https:\/\/schema.org\/","@type":"Article","@id":"https:\/\/www.digidoo.cz\/pro-moderni-domov\/#Article","mainEntityOfPage":"https:\/\/www.digidoo.cz\/pro-moderni-domov\/","headline":"Pro modern\u00ed domov","name":"Pro modern\u00ed domov","description":"Bydlen\u00ed si po\u0159izujeme a za\u0159izujeme tak, aby n\u00e1m vyhovovalo nejl\u00e9pe a\u017e do d\u016fchodu. Jen\u017ee n\u011bkdy n\u00e1m \u017eivot p\u0159in\u00e1\u0161\u00ed ne\u010dekan\u00e9 zm\u011bny.","datePublished":"2023-07-27","dateModified":"2023-09-27","author":{"@type":"Person","@id":"https:\/\/www.digidoo.cz\/author\/#Person","name":"","url":"https:\/\/www.digidoo.cz\/author\/","identifier":1,"image":{"@type":"ImageObject","@id":"https:\/\/secure.gravatar.com\/avatar\/9478c3014fb8763e2a18691ad6bf83eff86429738afad80df8227ac472865e36?s=96&d=mm&r=g","url":"https:\/\/secure.gravatar.com\/avatar\/9478c3014fb8763e2a18691ad6bf83eff86429738afad80df8227ac472865e36?s=96&d=mm&r=g","height":96,"width":96}},"publisher":{"@type":"Organization","name":"digidoo.cz","logo":{"@type":"ImageObject","@id":"\/logo.png","url":"\/logo.png","width":600,"height":60}},"image":{"@type":"ImageObject","@id":"https:\/\/www.digidoo.cz\/wp-content\/uploads\/sofa-gc4ac4fdf8_640_3.jpg","url":"https:\/\/www.digidoo.cz\/wp-content\/uploads\/sofa-gc4ac4fdf8_640_3.jpg","height":0,"width":0},"url":"https:\/\/www.digidoo.cz\/pro-moderni-domov\/","about":["Domov"],"wordCount":425,"articleBody":"   Bydlen\u00ed si po\u0159izujeme a za\u0159izujeme tak, aby n\u00e1m vyhovovalo nejl\u00e9pe a\u017e do d\u016fchodu. Jen\u017ee n\u011bkdy n\u00e1m \u017eivot p\u0159in\u00e1\u0161\u00ed ne\u010dekan\u00e9 zm\u011bny. Potom se mus\u00edme st\u011bhovat za p\u0159\u00edbuzn\u00fdmi, za prac\u00ed nebo se mus\u00edme starat o v\u00edce nemovitost\u00ed v rodin\u011b. Ne\u010dekan\u011b m\u016f\u017eeme m\u00edt i d\u011bti i kdy\u017e je p\u0159edt\u00edm nepl\u00e1nujeme. Tak\u00e9 m\u016f\u017eeme onemocn\u011bt nebo p\u0159ij\u00edt k \u00farazu, a toto v\u0161echno jsou situace, kv\u016fli kter\u00fdm n\u00e1m m\u016f\u017ee sou\u010dasn\u00e9 bydlen\u00ed p\u0159estat vyhovovat.N\u011bkdo to bere tak, \u017ee jednodu\u0161\u0161\u00ed je se p\u0159est\u011bhovat Naj\u00edt novou nemovitost,na kterou budeme m\u00edt dostatek financ\u00ed a nebo kter\u00e1 bude hned voln\u00e1 k n\u00e1jmu je n\u011bkdy b\u011bh na dlouhou tra\u0165. I proto \u010d\u00e1st lid\u00ed vol\u00ed variantu p\u0159ed\u011bl\u00e1n\u00ed st\u00e1vaj\u00edc\u00edho bytu \u010di domu podle sou\u010dasn\u00fdch pot\u0159eb. Mo\u017en\u00e1 si \u0159\u00edk\u00e1te \u017ee na tom p\u0159ece nic nen\u00ed. Jen\u017ee p\u0159ed\u011blat bydlen\u00ed \u010dasto neznamen\u00e1 jen vymalovat a koupit nov\u00fd n\u00e1bytek. Velmi \u010dasto je to o tom zcela zm\u011bnit dispozici. To znamen\u00e1 i p\u0159ed\u011blat vodovodn\u00ed trubky, odpad, elekt\u0159inu a topen\u00ed. A to si m\u00e1lokdo uv\u011bdomuje. Pr\u00e1v\u011b p\u0159ed\u011bl\u00e1v\u00e1n\u00ed t\u011bchto v\u011bc\u00ed je \u010dasov\u011b a finan\u010dn\u011b n\u00e1ro\u010dn\u011bj\u0161\u00ed ne\u017e by se na pevn\u00e9 pohled mohlo zd\u00e1t.Interi\u00e9rov\u00fd design\u00e9r Praha Bydesign.cz je tu od toho, abyste mohli m\u00edt bydlen\u00ed kompletn\u011b p\u0159edplatn\u00e9 v co nejkrat\u0161\u00edm \u010dase. Zab\u00fdv\u00e1me se nejen estetickou str\u00e1nkou, ale p\u0159edev\u0161\u00edm tou funk\u010dn\u00ed. Proto pokud chcete m\u00edt nov\u00e9 bydlen\u00ed, je dobr\u00e9 spolupracovat s design\u00e9ry, kte\u0159\u00ed v\u00e1m navrhnou po designov\u00e9 str\u00e1nce to co chcete, a co bude z\u00e1rove\u0148 i praktick\u00e9. Na dan\u00e9 m\u00edsto se mus\u00edme v\u017edy jet pod\u00edvat, abychom v\u011bd\u011bli, co n\u00e1s zhruba \u010dek\u00e1.M\u00e1me dodavatele N\u011bkter\u00e1 studia se zab\u00fdvaj\u00ed jen n\u00e1vrhy, ale my v\u00e1m dok\u00e1\u017eeme n\u00e1vrh p\u0159ed\u011blat do skute\u010dnosti. Spolupracujeme s celou \u0159adou \u0159emesln\u00edk\u016f a m\u00e1m mnoho dodavatel\u016f materi\u00e1lu, tak\u017ee pokud si u n\u00e1s vyberete n\u011bjak\u00fd n\u00e1vrh, velmi brzy v n\u011bm m\u016f\u017eete bydlet. Design nen\u00ed jen o barv\u00e1ch nebo m\u00f3dn\u00edch trendech, ale i o funk\u010dn\u00edm \u0159e\u0161en\u00ed pro celou rodinu.                                                                                                                                                                                                                                                                                                                                                                                          5\/5 - (4 votes)        "},{"@context":"https:\/\/schema.org\/","@type":"BreadcrumbList","itemListElement":[{"@type":"ListItem","position":1,"name":"Pro modern\u00ed domov","item":"https:\/\/www.digidoo.cz\/pro-moderni-domov\/#breadcrumbitem"}]}]